{"id":8196,"date":"2023-09-18T10:37:00","date_gmt":"2023-09-18T08:37:00","guid":{"rendered":"https:\/\/bokoto.es\/entre-escuradents-mocadors-i-parlants\/"},"modified":"2025-02-20T10:46:08","modified_gmt":"2025-02-20T09:46:08","slug":"entre-escuradents-mocadors-i-parlants","status":"publish","type":"post","link":"https:\/\/bokoto.es\/ca\/entre-escuradents-mocadors-i-parlants\/","title":{"rendered":"Entre escuradents, mocadors i parlants"},"content":{"rendered":"\n<p><strong>La simpatia dels Vendimiadores, els sabors nipons de Bokoto i els vins de Montecillo van regar la Terrassa de Logronyo.<\/strong><\/p>\n\n<p>L&#8217;exotisme i el bon ambient continuen reinant aquest Sant Mateu a la Terrassa de Diario LA RIOJA, on aquest dilluns fins i tot es van utilitzar els palets per degustar els aperitius servits pel restaurant japon\u00e8s Bokoto, a base de rolls, gyozas i broquetes de pollastre Yakitori, de les quals gaireb\u00e9 no va quedar res m\u00e9s que el pal de les broquetes. Del vi es va encarregar Bodegas Montecillo, amb el seu Montecillo Ros\u00e9 2022 i Montecillo Crianza 2019, un maridatge perfecte per a una terrassa plena d&#8217;invitats. <\/p>\n\n<p>All\u00e0 es va donar cita el m\u00f3n universitari, l&#8217;empresarial, el pol\u00edtic, el esportiu&#8230; i els nostres m\u00e0xims representants d&#8217;aquests Sant Mateus: els vendimiadors Luc\u00eda Yubero i F\u00e9lix \u00c1ngel Jal\u00f3n, la simpatia personificada. F\u00e9lix, a m\u00e9s, ens va donar una lli\u00e7\u00f3 en l&#8217;\u00fas dels palets xinesos i Luc\u00eda, en l&#8217;art del maquillatge, ja que \u00e9s ella qui cada jornada matea es maquilla mentre la seva orgullosa mare, Mariola, volca els seus dots de perruquera en el monyo de la nostra vendimiadora. <\/p>\n\n<p>La parella va arribar acompanyada pel tinent d&#8217;alcalde, Conrado Escobar, la seva hom\u00f2loga a Calahorra, M\u00f3nica Arc\u00e9iz, diferents membres de la Corporaci\u00f3 logro\u00f1esa i el conseller Daniel Os\u00e9s. Moments abans ho havien fet la socialista Concha Andreu amb la delegada del Govern, Beatriz Arraiz, la diputada Ana Victoria del Vigo, Mar\u00eda Marrod\u00e1n i Daniel Carrillo. <\/p>\n\n<p>El m\u00f3n acad\u00e8mic va estar molt ben representat pel equip rectoral de la Universitat de La Rioja, amb Juan Carlos Ayala al capdavant; aix\u00ed com per Alberto Canals i Javier Galiana de UNIR.<\/p>\n\n<p>Tamb\u00e9 vam presumir de dos degans, Inmaculada Mart\u00ednez (Col\u00b7legi de Metges) i Ernesto G\u00f3mez (Col\u00b7legi d&#8217;Economistes). Manuel \u00c1lvarez, qui va ser Cap Superior de la Policia Nacional a La Rioja, va fer una visita r\u00e0pida acompanyat de qui va ser Fiscal Superior de La Rioja, Juan Calparsoro. <\/p>\n\n<p>El m\u00f3n financer va agafar protagonisme de la m\u00e0 de Juan Jos\u00e9 Vega, Teresa Casis i Elvira Ezquerro, de CaixaBank, i de Jorge Sicilia, Jos\u00e9 \u00c1ngel P\u00e9rez, Mar\u00eda Cadarso i Fernando Mart\u00edn, d&#8217;Ibercaja.<\/p>\n\n<p>El director de la Biblioteca de La Rioja, Josu Rodr\u00edguez, va fer gala de la seva afici\u00f3 per la vespa amb una atrevida camisa que va ser l&#8217;enveja fins i tot del nostre alcalde. I, fent costat a casa, la Terrassa va presumir de la pres\u00e8ncia de Francisco Achiaga (president del Consell d&#8217;Administraci\u00f3 de Nueva Rioja); del director general de Diario LA RIOJA, Goyo Ezama; del seu exdirector Jos\u00e9 Mar\u00eda Esteban, i de qui il\u00b7lustra les nostres p\u00e0gines com ning\u00fa, Manuel Romero. <\/p>\n\n<p>Font: <a href=\"http:\/\/www.larioja.com\/\" target=\"_blank\" rel=\"noreferrer noopener\">www.larioja.com<\/a><\/p>\n\n<p><\/p>\n","protected":false},"excerpt":{"rendered":"<p>La simpatia dels Vendimiadores, els sabors nipons de Bokoto i els vins de Montecillo van regar la Terrassa de Logronyo. L&#8217;exotisme i el bon ambient continuen reinant aquest Sant Mateu a la Terrassa de Diario LA RIOJA, on aquest dilluns fins i tot es van utilitzar els palets per degustar els aperitius servits pel restaurant [&hellip;]<\/p>\n","protected":false},"author":1,"featured_media":7720,"comment_status":"closed","ping_status":"","sticky":false,"template":"","format":"standard","meta":{"footnotes":""},"categories":[1],"tags":[],"class_list":["post-8196","post","type-post","status-publish","format-standard","has-post-thumbnail","hentry","category-sin-categorizar"],"yoast_head":"<!-- This site is optimized with the Yoast SEO plugin v26.6 - https:\/\/yoast.com\/wordpress\/plugins\/seo\/ -->\n<title>Entre escuradents, mocadors i parlants - Bokoto<\/title>\n<meta name=\"robots\" content=\"index, follow, max-snippet:-1, max-image-preview:large, max-video-preview:-1\" \/>\n<link rel=\"canonical\" href=\"https:\/\/bokoto.es\/ca\/entre-escuradents-mocadors-i-parlants\/\" \/>\n<meta property=\"og:locale\" content=\"ca_ES\" \/>\n<meta property=\"og:type\" content=\"article\" \/>\n<meta property=\"og:title\" content=\"Entre escuradents, mocadors i parlants - Bokoto\" \/>\n<meta property=\"og:description\" content=\"La simpatia dels Vendimiadores, els sabors nipons de Bokoto i els vins de Montecillo van regar la Terrassa de Logronyo. L&#8217;exotisme i el bon ambient continuen reinant aquest Sant Mateu a la Terrassa de Diario LA RIOJA, on aquest dilluns fins i tot es van utilitzar els palets per degustar els aperitius servits pel restaurant [&hellip;]\" \/>\n<meta property=\"og:url\" content=\"https:\/\/bokoto.es\/ca\/entre-escuradents-mocadors-i-parlants\/\" \/>\n<meta property=\"og:site_name\" content=\"Bokoto\" \/>\n<meta property=\"article:published_time\" content=\"2023-09-18T08:37:00+00:00\" \/>\n<meta property=\"article:modified_time\" content=\"2025-02-20T09:46:08+00:00\" \/>\n<meta property=\"og:image\" content=\"https:\/\/bokoto.es\/wp-content\/uploads\/2024\/12\/entre-palillos-portada.jpeg\" \/>\n\t<meta property=\"og:image:width\" content=\"1280\" \/>\n\t<meta property=\"og:image:height\" content=\"590\" \/>\n\t<meta property=\"og:image:type\" content=\"image\/jpeg\" \/>\n<meta name=\"author\" content=\"agenciaoma\" \/>\n<meta name=\"twitter:card\" content=\"summary_large_image\" \/>\n<meta name=\"twitter:label1\" content=\"Escrit per\" \/>\n\t<meta name=\"twitter:data1\" content=\"agenciaoma\" \/>\n\t<meta name=\"twitter:label2\" content=\"Temps estimat de lectura\" \/>\n\t<meta name=\"twitter:data2\" content=\"2 minuts\" \/>\n<script type=\"application\/ld+json\" class=\"yoast-schema-graph\">{\"@context\":\"https:\/\/schema.org\",\"@graph\":[{\"@type\":\"Article\",\"@id\":\"https:\/\/bokoto.es\/ca\/entre-escuradents-mocadors-i-parlants\/#article\",\"isPartOf\":{\"@id\":\"https:\/\/bokoto.es\/ca\/entre-escuradents-mocadors-i-parlants\/\"},\"author\":{\"name\":\"agenciaoma\",\"@id\":\"https:\/\/bokoto.es\/ca\/#\/schema\/person\/f6f820135cae3131ed5f488cce5ccaaf\"},\"headline\":\"Entre escuradents, mocadors i parlants\",\"datePublished\":\"2023-09-18T08:37:00+00:00\",\"dateModified\":\"2025-02-20T09:46:08+00:00\",\"mainEntityOfPage\":{\"@id\":\"https:\/\/bokoto.es\/ca\/entre-escuradents-mocadors-i-parlants\/\"},\"wordCount\":480,\"publisher\":{\"@id\":\"https:\/\/bokoto.es\/ca\/#organization\"},\"image\":{\"@id\":\"https:\/\/bokoto.es\/ca\/entre-escuradents-mocadors-i-parlants\/#primaryimage\"},\"thumbnailUrl\":\"https:\/\/bokoto.es\/wp-content\/uploads\/2024\/12\/entre-palillos-portada.jpeg\",\"articleSection\":[\"Sin categorizar\"],\"inLanguage\":\"ca\"},{\"@type\":\"WebPage\",\"@id\":\"https:\/\/bokoto.es\/ca\/entre-escuradents-mocadors-i-parlants\/\",\"url\":\"https:\/\/bokoto.es\/ca\/entre-escuradents-mocadors-i-parlants\/\",\"name\":\"Entre escuradents, mocadors i parlants - Bokoto\",\"isPartOf\":{\"@id\":\"https:\/\/bokoto.es\/ca\/#website\"},\"primaryImageOfPage\":{\"@id\":\"https:\/\/bokoto.es\/ca\/entre-escuradents-mocadors-i-parlants\/#primaryimage\"},\"image\":{\"@id\":\"https:\/\/bokoto.es\/ca\/entre-escuradents-mocadors-i-parlants\/#primaryimage\"},\"thumbnailUrl\":\"https:\/\/bokoto.es\/wp-content\/uploads\/2024\/12\/entre-palillos-portada.jpeg\",\"datePublished\":\"2023-09-18T08:37:00+00:00\",\"dateModified\":\"2025-02-20T09:46:08+00:00\",\"breadcrumb\":{\"@id\":\"https:\/\/bokoto.es\/ca\/entre-escuradents-mocadors-i-parlants\/#breadcrumb\"},\"inLanguage\":\"ca\",\"potentialAction\":[{\"@type\":\"ReadAction\",\"target\":[\"https:\/\/bokoto.es\/ca\/entre-escuradents-mocadors-i-parlants\/\"]}]},{\"@type\":\"ImageObject\",\"inLanguage\":\"ca\",\"@id\":\"https:\/\/bokoto.es\/ca\/entre-escuradents-mocadors-i-parlants\/#primaryimage\",\"url\":\"https:\/\/bokoto.es\/wp-content\/uploads\/2024\/12\/entre-palillos-portada.jpeg\",\"contentUrl\":\"https:\/\/bokoto.es\/wp-content\/uploads\/2024\/12\/entre-palillos-portada.jpeg\",\"width\":1280,\"height\":590},{\"@type\":\"BreadcrumbList\",\"@id\":\"https:\/\/bokoto.es\/ca\/entre-escuradents-mocadors-i-parlants\/#breadcrumb\",\"itemListElement\":[{\"@type\":\"ListItem\",\"position\":1,\"name\":\"Portada\",\"item\":\"https:\/\/bokoto.es\/ca\/inici\/\"},{\"@type\":\"ListItem\",\"position\":2,\"name\":\"Entre escuradents, mocadors i parlants\"}]},{\"@type\":\"WebSite\",\"@id\":\"https:\/\/bokoto.es\/ca\/#website\",\"url\":\"https:\/\/bokoto.es\/ca\/\",\"name\":\"Bokoto\",\"description\":\"Japanese Sushi Club\",\"publisher\":{\"@id\":\"https:\/\/bokoto.es\/ca\/#organization\"},\"potentialAction\":[{\"@type\":\"SearchAction\",\"target\":{\"@type\":\"EntryPoint\",\"urlTemplate\":\"https:\/\/bokoto.es\/ca\/?s={search_term_string}\"},\"query-input\":{\"@type\":\"PropertyValueSpecification\",\"valueRequired\":true,\"valueName\":\"search_term_string\"}}],\"inLanguage\":\"ca\"},{\"@type\":\"Organization\",\"@id\":\"https:\/\/bokoto.es\/ca\/#organization\",\"name\":\"Bokoto\",\"url\":\"https:\/\/bokoto.es\/ca\/\",\"logo\":{\"@type\":\"ImageObject\",\"inLanguage\":\"ca\",\"@id\":\"https:\/\/bokoto.es\/ca\/#\/schema\/logo\/image\/\",\"url\":\"https:\/\/bokoto.es\/wp-content\/uploads\/2023\/08\/LOGO-BOKOTO.jpg\",\"contentUrl\":\"https:\/\/bokoto.es\/wp-content\/uploads\/2023\/08\/LOGO-BOKOTO.jpg\",\"width\":563,\"height\":264,\"caption\":\"Bokoto\"},\"image\":{\"@id\":\"https:\/\/bokoto.es\/ca\/#\/schema\/logo\/image\/\"}},{\"@type\":\"Person\",\"@id\":\"https:\/\/bokoto.es\/ca\/#\/schema\/person\/f6f820135cae3131ed5f488cce5ccaaf\",\"name\":\"agenciaoma\",\"image\":{\"@type\":\"ImageObject\",\"inLanguage\":\"ca\",\"@id\":\"https:\/\/bokoto.es\/ca\/#\/schema\/person\/image\/\",\"url\":\"https:\/\/secure.gravatar.com\/avatar\/c8cb3e6b8e43c72b0448f84754afe51f9ef829973bbded721f4d9304b9b5a43d?s=96&d=mm&r=g\",\"contentUrl\":\"https:\/\/secure.gravatar.com\/avatar\/c8cb3e6b8e43c72b0448f84754afe51f9ef829973bbded721f4d9304b9b5a43d?s=96&d=mm&r=g\",\"caption\":\"agenciaoma\"},\"sameAs\":[\"https:\/\/bokoto.es\"],\"url\":\"https:\/\/bokoto.es\/ca\/author\/agenciaoma\/\"}]}<\/script>\n<!-- \/ Yoast SEO plugin. -->","yoast_head_json":{"title":"Entre escuradents, mocadors i parlants - Bokoto","robots":{"index":"index","follow":"follow","max-snippet":"max-snippet:-1","max-image-preview":"max-image-preview:large","max-video-preview":"max-video-preview:-1"},"canonical":"https:\/\/bokoto.es\/ca\/entre-escuradents-mocadors-i-parlants\/","og_locale":"ca_ES","og_type":"article","og_title":"Entre escuradents, mocadors i parlants - Bokoto","og_description":"La simpatia dels Vendimiadores, els sabors nipons de Bokoto i els vins de Montecillo van regar la Terrassa de Logronyo. L&#8217;exotisme i el bon ambient continuen reinant aquest Sant Mateu a la Terrassa de Diario LA RIOJA, on aquest dilluns fins i tot es van utilitzar els palets per degustar els aperitius servits pel restaurant [&hellip;]","og_url":"https:\/\/bokoto.es\/ca\/entre-escuradents-mocadors-i-parlants\/","og_site_name":"Bokoto","article_published_time":"2023-09-18T08:37:00+00:00","article_modified_time":"2025-02-20T09:46:08+00:00","og_image":[{"width":1280,"height":590,"url":"https:\/\/bokoto.es\/wp-content\/uploads\/2024\/12\/entre-palillos-portada.jpeg","type":"image\/jpeg"}],"author":"agenciaoma","twitter_card":"summary_large_image","twitter_misc":{"Escrit per":"agenciaoma","Temps estimat de lectura":"2 minuts"},"schema":{"@context":"https:\/\/schema.org","@graph":[{"@type":"Article","@id":"https:\/\/bokoto.es\/ca\/entre-escuradents-mocadors-i-parlants\/#article","isPartOf":{"@id":"https:\/\/bokoto.es\/ca\/entre-escuradents-mocadors-i-parlants\/"},"author":{"name":"agenciaoma","@id":"https:\/\/bokoto.es\/ca\/#\/schema\/person\/f6f820135cae3131ed5f488cce5ccaaf"},"headline":"Entre escuradents, mocadors i parlants","datePublished":"2023-09-18T08:37:00+00:00","dateModified":"2025-02-20T09:46:08+00:00","mainEntityOfPage":{"@id":"https:\/\/bokoto.es\/ca\/entre-escuradents-mocadors-i-parlants\/"},"wordCount":480,"publisher":{"@id":"https:\/\/bokoto.es\/ca\/#organization"},"image":{"@id":"https:\/\/bokoto.es\/ca\/entre-escuradents-mocadors-i-parlants\/#primaryimage"},"thumbnailUrl":"https:\/\/bokoto.es\/wp-content\/uploads\/2024\/12\/entre-palillos-portada.jpeg","articleSection":["Sin categorizar"],"inLanguage":"ca"},{"@type":"WebPage","@id":"https:\/\/bokoto.es\/ca\/entre-escuradents-mocadors-i-parlants\/","url":"https:\/\/bokoto.es\/ca\/entre-escuradents-mocadors-i-parlants\/","name":"Entre escuradents, mocadors i parlants - Bokoto","isPartOf":{"@id":"https:\/\/bokoto.es\/ca\/#website"},"primaryImageOfPage":{"@id":"https:\/\/bokoto.es\/ca\/entre-escuradents-mocadors-i-parlants\/#primaryimage"},"image":{"@id":"https:\/\/bokoto.es\/ca\/entre-escuradents-mocadors-i-parlants\/#primaryimage"},"thumbnailUrl":"https:\/\/bokoto.es\/wp-content\/uploads\/2024\/12\/entre-palillos-portada.jpeg","datePublished":"2023-09-18T08:37:00+00:00","dateModified":"2025-02-20T09:46:08+00:00","breadcrumb":{"@id":"https:\/\/bokoto.es\/ca\/entre-escuradents-mocadors-i-parlants\/#breadcrumb"},"inLanguage":"ca","potentialAction":[{"@type":"ReadAction","target":["https:\/\/bokoto.es\/ca\/entre-escuradents-mocadors-i-parlants\/"]}]},{"@type":"ImageObject","inLanguage":"ca","@id":"https:\/\/bokoto.es\/ca\/entre-escuradents-mocadors-i-parlants\/#primaryimage","url":"https:\/\/bokoto.es\/wp-content\/uploads\/2024\/12\/entre-palillos-portada.jpeg","contentUrl":"https:\/\/bokoto.es\/wp-content\/uploads\/2024\/12\/entre-palillos-portada.jpeg","width":1280,"height":590},{"@type":"BreadcrumbList","@id":"https:\/\/bokoto.es\/ca\/entre-escuradents-mocadors-i-parlants\/#breadcrumb","itemListElement":[{"@type":"ListItem","position":1,"name":"Portada","item":"https:\/\/bokoto.es\/ca\/inici\/"},{"@type":"ListItem","position":2,"name":"Entre escuradents, mocadors i parlants"}]},{"@type":"WebSite","@id":"https:\/\/bokoto.es\/ca\/#website","url":"https:\/\/bokoto.es\/ca\/","name":"Bokoto","description":"Japanese Sushi Club","publisher":{"@id":"https:\/\/bokoto.es\/ca\/#organization"},"potentialAction":[{"@type":"SearchAction","target":{"@type":"EntryPoint","urlTemplate":"https:\/\/bokoto.es\/ca\/?s={search_term_string}"},"query-input":{"@type":"PropertyValueSpecification","valueRequired":true,"valueName":"search_term_string"}}],"inLanguage":"ca"},{"@type":"Organization","@id":"https:\/\/bokoto.es\/ca\/#organization","name":"Bokoto","url":"https:\/\/bokoto.es\/ca\/","logo":{"@type":"ImageObject","inLanguage":"ca","@id":"https:\/\/bokoto.es\/ca\/#\/schema\/logo\/image\/","url":"https:\/\/bokoto.es\/wp-content\/uploads\/2023\/08\/LOGO-BOKOTO.jpg","contentUrl":"https:\/\/bokoto.es\/wp-content\/uploads\/2023\/08\/LOGO-BOKOTO.jpg","width":563,"height":264,"caption":"Bokoto"},"image":{"@id":"https:\/\/bokoto.es\/ca\/#\/schema\/logo\/image\/"}},{"@type":"Person","@id":"https:\/\/bokoto.es\/ca\/#\/schema\/person\/f6f820135cae3131ed5f488cce5ccaaf","name":"agenciaoma","image":{"@type":"ImageObject","inLanguage":"ca","@id":"https:\/\/bokoto.es\/ca\/#\/schema\/person\/image\/","url":"https:\/\/secure.gravatar.com\/avatar\/c8cb3e6b8e43c72b0448f84754afe51f9ef829973bbded721f4d9304b9b5a43d?s=96&d=mm&r=g","contentUrl":"https:\/\/secure.gravatar.com\/avatar\/c8cb3e6b8e43c72b0448f84754afe51f9ef829973bbded721f4d9304b9b5a43d?s=96&d=mm&r=g","caption":"agenciaoma"},"sameAs":["https:\/\/bokoto.es"],"url":"https:\/\/bokoto.es\/ca\/author\/agenciaoma\/"}]}},"_links":{"self":[{"href":"https:\/\/bokoto.es\/ca\/wp-json\/wp\/v2\/posts\/8196","targetHints":{"allow":["GET"]}}],"collection":[{"href":"https:\/\/bokoto.es\/ca\/wp-json\/wp\/v2\/posts"}],"about":[{"href":"https:\/\/bokoto.es\/ca\/wp-json\/wp\/v2\/types\/post"}],"author":[{"embeddable":true,"href":"https:\/\/bokoto.es\/ca\/wp-json\/wp\/v2\/users\/1"}],"replies":[{"embeddable":true,"href":"https:\/\/bokoto.es\/ca\/wp-json\/wp\/v2\/comments?post=8196"}],"version-history":[{"count":1,"href":"https:\/\/bokoto.es\/ca\/wp-json\/wp\/v2\/posts\/8196\/revisions"}],"predecessor-version":[{"id":8197,"href":"https:\/\/bokoto.es\/ca\/wp-json\/wp\/v2\/posts\/8196\/revisions\/8197"}],"wp:featuredmedia":[{"embeddable":true,"href":"https:\/\/bokoto.es\/ca\/wp-json\/wp\/v2\/media\/7720"}],"wp:attachment":[{"href":"https:\/\/bokoto.es\/ca\/wp-json\/wp\/v2\/media?parent=8196"}],"wp:term":[{"taxonomy":"category","embeddable":true,"href":"https:\/\/bokoto.es\/ca\/wp-json\/wp\/v2\/categories?post=8196"},{"taxonomy":"post_tag","embeddable":true,"href":"https:\/\/bokoto.es\/ca\/wp-json\/wp\/v2\/tags?post=8196"}],"curies":[{"name":"wp","href":"https:\/\/api.w.org\/{rel}","templated":true}]}}