{"id":8208,"date":"2022-11-28T00:00:00","date_gmt":"2022-11-27T23:00:00","guid":{"rendered":"https:\/\/bokoto.es\/el-grup-bokoto-forma-part-de-kor-el-nou-restaurant-a-sunka-lleida-al-cor-de-plusfresc\/"},"modified":"2025-02-20T11:06:47","modified_gmt":"2025-02-20T10:06:47","slug":"el-grup-bokoto-forma-part-de-kor-el-nou-restaurant-a-sunka-lleida-al-cor-de-plusfresc","status":"publish","type":"post","link":"https:\/\/bokoto.es\/ca\/el-grup-bokoto-forma-part-de-kor-el-nou-restaurant-a-sunka-lleida-al-cor-de-plusfresc\/","title":{"rendered":"El Grup Bokoto forma part de Kor, el nou restaurant a Sunka, Lleida, al Cor de Plusfresc."},"content":{"rendered":"\t\t<div data-elementor-type=\"wp-post\" data-elementor-id=\"8208\" class=\"elementor elementor-8208 elementor-3731\" data-elementor-post-type=\"post\">\n\t\t\t\t\t\t<section class=\"elementor-section elementor-top-section elementor-element elementor-element-40e2869 elementor-section-full_width elementor-section-height-default elementor-section-height-default\" data-id=\"40e2869\" data-element_type=\"section\">\n\t\t\t\t\t\t<div class=\"elementor-container elementor-column-gap-default\">\n\t\t\t\t\t<div class=\"elementor-column elementor-col-100 elementor-top-column elementor-element elementor-element-72c0c2b0\" data-id=\"72c0c2b0\" data-element_type=\"column\">\n\t\t\t<div class=\"elementor-widget-wrap elementor-element-populated\">\n\t\t\t\t\t\t<div class=\"elementor-element elementor-element-33a98653 elementor-widget elementor-widget-text-editor\" data-id=\"33a98653\" data-element_type=\"widget\" data-widget_type=\"text-editor.default\">\n\t\t\t\t<div class=\"elementor-widget-container\">\n\t\t\t\t\t\t\t\t\t<p><em><strong>El Mercaurante es troba a Sunka de Plusfresc.<\/strong><\/em><\/p>\n<p>KOR Mercaurante \u00e9s la nova proposta gastron\u00f2mica que ha arribat a Lleida, la passi\u00f3 dels millors xefs preparada per portar-te-la a casa i gaudir del sabor de la cuina d&#8217;autor en un santiam\u00e9n.<\/p>\n<p>La creativitat i la innovaci\u00f3 es fusionen amb els processos tradicionals en aquest nou espai gastron\u00f2mic, situat exclusivament al supermercat Sunka de Plusfresc, on pots trobar productes selectes elaborats amb mat\u00e8ries primeres de qualitat per emportar o gaudir-los in situ.<\/p>\n<p>L&#8217;aventura de KOR comen\u00e7a a Sunka perqu\u00e8 \u00e9s un supermercat referent i innovador en el sector de l&#8217;alimentaci\u00f3. Tots dos comparteixen l&#8217;amor per Lleida, per la seva gent i pel medi ambient. Aquest sentiment \u00e9s el motor de KOR per treballar amb esfor\u00e7, passi\u00f3 i dedicaci\u00f3.  <\/p>\n<p>Dins d&#8217;aquest projecte, pots trobar diferents propostes gastron\u00f2miques: la m\u00e9s tradicional de la m\u00e0 d&#8217;El Toque de los Hermanos Torres, la que arriba directament d&#8217;It\u00e0lia, TasteVero; la m\u00e9s healthy i natural, Green; l&#8217;aut\u00e8ntica ess\u00e8ncia de la cuina nipona, amb Bokoto; el sabor del Mediterrani, amb Casinet, i la bolleria m\u00e9s dol\u00e7a de la Panaderia Par\u00e9s.<\/p>\n\t\t\t\t\t\t\t\t<\/div>\n\t\t\t\t<\/div>\n\t\t\t\t<div class=\"elementor-element elementor-element-c379c48 elementor-widget elementor-widget-gallery\" data-id=\"c379c48\" data-element_type=\"widget\" data-settings=\"{&quot;gallery_layout&quot;:&quot;masonry&quot;,&quot;columns&quot;:2,&quot;lazyload&quot;:&quot;yes&quot;,&quot;columns_tablet&quot;:2,&quot;columns_mobile&quot;:1,&quot;gap&quot;:{&quot;unit&quot;:&quot;px&quot;,&quot;size&quot;:10,&quot;sizes&quot;:[]},&quot;gap_tablet&quot;:{&quot;unit&quot;:&quot;px&quot;,&quot;size&quot;:10,&quot;sizes&quot;:[]},&quot;gap_mobile&quot;:{&quot;unit&quot;:&quot;px&quot;,&quot;size&quot;:10,&quot;sizes&quot;:[]},&quot;link_to&quot;:&quot;file&quot;,&quot;overlay_background&quot;:&quot;yes&quot;,&quot;content_hover_animation&quot;:&quot;fade-in&quot;}\" data-widget_type=\"gallery.default\">\n\t\t\t\t<div class=\"elementor-widget-container\">\n\t\t\t\t\t\t\t<div class=\"elementor-gallery__container\">\n\t\t\t\t\t\t\t<a class=\"e-gallery-item elementor-gallery-item elementor-animated-content\" href=\"https:\/\/bokoto.es\/wp-content\/uploads\/2023\/09\/Packaging-KOR-espai-Sunka_03.jpeg\" data-elementor-open-lightbox=\"yes\" data-elementor-lightbox-slideshow=\"c379c48\" data-elementor-lightbox-title=\"Packaging-KOR-espai-Sunka_03\" data-e-action-hash=\"#elementor-action%3Aaction%3Dlightbox%26settings%3DeyJpZCI6NzUzNiwidXJsIjoiaHR0cHM6XC9cL2Jva290by5lc1wvd3AtY29udGVudFwvdXBsb2Fkc1wvMjAyM1wvMDlcL1BhY2thZ2luZy1LT1ItZXNwYWktU3Vua2FfMDMuanBlZyIsInNsaWRlc2hvdyI6ImMzNzljNDgifQ%3D%3D\">\n\t\t\t\t\t<div class=\"e-gallery-image elementor-gallery-item__image\" data-thumbnail=\"https:\/\/bokoto.es\/wp-content\/uploads\/2023\/09\/Packaging-KOR-espai-Sunka_03.jpeg\" data-width=\"1500\" data-height=\"1500\" aria-label=\"\" role=\"img\" ><\/div>\n\t\t\t\t\t\t\t\t\t\t\t<div class=\"elementor-gallery-item__overlay\"><\/div>\n\t\t\t\t\t\t\t\t\t\t\t\t\t\t<\/a>\n\t\t\t\t\t\t\t<a class=\"e-gallery-item elementor-gallery-item elementor-animated-content\" href=\"https:\/\/bokoto.es\/wp-content\/uploads\/2023\/09\/Inauguracion-Bokoto-Kor-Sunka-Plusfresc-Lleida.jpeg\" data-elementor-open-lightbox=\"yes\" data-elementor-lightbox-slideshow=\"c379c48\" data-elementor-lightbox-title=\"Inauguracion-Bokoto-Kor-Sunka-Plusfresc-Lleida\" data-e-action-hash=\"#elementor-action%3Aaction%3Dlightbox%26settings%3DeyJpZCI6NzUzNywidXJsIjoiaHR0cHM6XC9cL2Jva290by5lc1wvd3AtY29udGVudFwvdXBsb2Fkc1wvMjAyM1wvMDlcL0luYXVndXJhY2lvbi1Cb2tvdG8tS29yLVN1bmthLVBsdXNmcmVzYy1MbGVpZGEuanBlZyIsInNsaWRlc2hvdyI6ImMzNzljNDgifQ%3D%3D\">\n\t\t\t\t\t<div class=\"e-gallery-image elementor-gallery-item__image\" data-thumbnail=\"https:\/\/bokoto.es\/wp-content\/uploads\/2023\/09\/Inauguracion-Bokoto-Kor-Sunka-Plusfresc-Lleida.jpeg\" data-width=\"1500\" data-height=\"1500\" aria-label=\"\" role=\"img\" ><\/div>\n\t\t\t\t\t\t\t\t\t\t\t<div class=\"elementor-gallery-item__overlay\"><\/div>\n\t\t\t\t\t\t\t\t\t\t\t\t\t\t<\/a>\n\t\t\t\t\t<\/div>\n\t\t\t\t\t<\/div>\n\t\t\t\t<\/div>\n\t\t\t\t<div class=\"elementor-element elementor-element-8d3b9a7 elementor-widget elementor-widget-text-editor\" data-id=\"8d3b9a7\" data-element_type=\"widget\" data-widget_type=\"text-editor.default\">\n\t\t\t\t<div class=\"elementor-widget-container\">\n\t\t\t\t\t\t\t\t\t<p><strong>Emporta&#8217;t el sabor del restaurant a casa.<\/strong><\/p>\n<p>El secret de totes aquestes elaboracions \u00e9s senzill: productes frescos, de qualitat, i sobretot acabats de fer. Perqu\u00e8 et portis tots els sabors del restaurant a casa teva. <\/p>\n<\/p>\n<p><strong>C\u00f3rner KOR i Mercaurant, el rac\u00f3 per satisfer els teus desitjos.<\/strong><\/p>\n<p>El c\u00f3rner KOR \u00e9s el rac\u00f3 de Sunka on trobar\u00e0s les temptacions m\u00e9s gourmet per satisfer l&#8217;apetit: pasta fresca o farcida, salses, pizzes, croquetes, lasanyes o canelons. Elaboracions creades pels millors xefs. <\/p>\n<p>I si no tens temps per dedicar a la cuina, sempre pots venir a l&#8217;espai Mercaurant i gaudir d&#8217; esmorzars acabats de fer o dinars a la teva mida. Trobar\u00e0s una \u00e0mplia gamma de bolleria, entrepans de pa de llenya, pastissos artesans, caf\u00e8s, amanides i pokes al gust o pizzes al taglio. <\/p>\n\t\t\t\t\t\t\t\t<\/div>\n\t\t\t\t<\/div>\n\t\t\t\t<div class=\"elementor-element elementor-element-7d087b6 elementor-widget elementor-widget-image\" data-id=\"7d087b6\" data-element_type=\"widget\" data-widget_type=\"image.default\">\n\t\t\t\t<div class=\"elementor-widget-container\">\n\t\t\t\t\t\t\t\t\t\t\t\t\t\t\t<img fetchpriority=\"high\" decoding=\"async\" width=\"800\" height=\"450\" src=\"https:\/\/bokoto.es\/wp-content\/uploads\/2022\/11\/Inauguracion-Bokoto-Kor-Sunka-Plusfresc-Lleida-header_02-1024x576.jpeg\" class=\"attachment-large size-large wp-image-7538\" alt=\"\" srcset=\"https:\/\/bokoto.es\/wp-content\/uploads\/2022\/11\/Inauguracion-Bokoto-Kor-Sunka-Plusfresc-Lleida-header_02-1024x576.jpeg 1024w, https:\/\/bokoto.es\/wp-content\/uploads\/2022\/11\/Inauguracion-Bokoto-Kor-Sunka-Plusfresc-Lleida-header_02-300x169.jpeg 300w, https:\/\/bokoto.es\/wp-content\/uploads\/2022\/11\/Inauguracion-Bokoto-Kor-Sunka-Plusfresc-Lleida-header_02-768x432.jpeg 768w, https:\/\/bokoto.es\/wp-content\/uploads\/2022\/11\/Inauguracion-Bokoto-Kor-Sunka-Plusfresc-Lleida-header_02-1536x864.jpeg 1536w, https:\/\/bokoto.es\/wp-content\/uploads\/2022\/11\/Inauguracion-Bokoto-Kor-Sunka-Plusfresc-Lleida-header_02.jpeg 1920w\" sizes=\"(max-width: 800px) 100vw, 800px\" \/>\t\t\t\t\t\t\t\t\t\t\t\t\t\t\t<\/div>\n\t\t\t\t<\/div>\n\t\t\t\t<div class=\"elementor-element elementor-element-eac4b5e elementor-widget elementor-widget-text-editor\" data-id=\"eac4b5e\" data-element_type=\"widget\" data-widget_type=\"text-editor.default\">\n\t\t\t\t<div class=\"elementor-widget-container\">\n\t\t\t\t\t\t\t\t\t<p><strong>Take away<\/strong><\/p>\n<p>Com ja sabeu, menjar com un rei sense sortir de casa \u00e9s possible, per aix\u00f2 oferim cada cap de setmana i sota reserva, arr\u00f2s o pollastre al ast perqu\u00e8 te&#8217;l puguis emportar amb el servei de Take away.<\/p>\n<p>Vine a visitar-nos de dilluns a dissabte de 8:30 a 22:00 h, i tamb\u00e9 diumenges i festius al mat\u00ed de 9:00 a 15:30 h, a Sunka, carrer del Bisbe Ruano 12 de Lleida.<\/p>\n\t\t\t\t\t\t\t\t<\/div>\n\t\t\t\t<\/div>\n\t\t\t\t<div class=\"elementor-element elementor-element-a445671 elementor-widget elementor-widget-gallery\" data-id=\"a445671\" data-element_type=\"widget\" data-settings=\"{&quot;lazyload&quot;:&quot;yes&quot;,&quot;gallery_layout&quot;:&quot;grid&quot;,&quot;columns&quot;:4,&quot;columns_tablet&quot;:2,&quot;columns_mobile&quot;:1,&quot;gap&quot;:{&quot;unit&quot;:&quot;px&quot;,&quot;size&quot;:10,&quot;sizes&quot;:[]},&quot;gap_tablet&quot;:{&quot;unit&quot;:&quot;px&quot;,&quot;size&quot;:10,&quot;sizes&quot;:[]},&quot;gap_mobile&quot;:{&quot;unit&quot;:&quot;px&quot;,&quot;size&quot;:10,&quot;sizes&quot;:[]},&quot;link_to&quot;:&quot;file&quot;,&quot;aspect_ratio&quot;:&quot;3:2&quot;,&quot;overlay_background&quot;:&quot;yes&quot;,&quot;content_hover_animation&quot;:&quot;fade-in&quot;}\" data-widget_type=\"gallery.default\">\n\t\t\t\t<div class=\"elementor-widget-container\">\n\t\t\t\t\t\t\t<div class=\"elementor-gallery__container\">\n\t\t\t\t\t\t\t<a class=\"e-gallery-item elementor-gallery-item elementor-animated-content\" href=\"https:\/\/bokoto.es\/wp-content\/uploads\/2022\/11\/Inauguracion-Bokoto-Kor-Sunka-Plusfresc-Lleida-01.jpg\" data-elementor-open-lightbox=\"yes\" data-elementor-lightbox-slideshow=\"a445671\" data-elementor-lightbox-title=\"Inauguracion Bokoto-Kor-Sunka-Plusfresc-Lleida-01\" data-e-action-hash=\"#elementor-action%3Aaction%3Dlightbox%26settings%3DeyJpZCI6NzUzOSwidXJsIjoiaHR0cHM6XC9cL2Jva290by5lc1wvd3AtY29udGVudFwvdXBsb2Fkc1wvMjAyMlwvMTFcL0luYXVndXJhY2lvbi1Cb2tvdG8tS29yLVN1bmthLVBsdXNmcmVzYy1MbGVpZGEtMDEuanBnIiwic2xpZGVzaG93IjoiYTQ0NTY3MSJ9\">\n\t\t\t\t\t<div class=\"e-gallery-image elementor-gallery-item__image\" data-thumbnail=\"https:\/\/bokoto.es\/wp-content\/uploads\/2022\/11\/Inauguracion-Bokoto-Kor-Sunka-Plusfresc-Lleida-01.jpg\" data-width=\"1500\" data-height=\"1000\" aria-label=\"\" role=\"img\" ><\/div>\n\t\t\t\t\t\t\t\t\t\t\t<div class=\"elementor-gallery-item__overlay\"><\/div>\n\t\t\t\t\t\t\t\t\t\t\t\t\t\t<\/a>\n\t\t\t\t\t\t\t<a class=\"e-gallery-item elementor-gallery-item elementor-animated-content\" href=\"https:\/\/bokoto.es\/wp-content\/uploads\/2022\/11\/Inauguracion-Bokoto-Kor-Sunka-Plusfresc-Lleida-02.jpg\" data-elementor-open-lightbox=\"yes\" data-elementor-lightbox-slideshow=\"a445671\" data-elementor-lightbox-title=\"Inauguracion Bokoto-Kor-Sunka-Plusfresc-Lleida-02\" data-e-action-hash=\"#elementor-action%3Aaction%3Dlightbox%26settings%3DeyJpZCI6NzU0MCwidXJsIjoiaHR0cHM6XC9cL2Jva290by5lc1wvd3AtY29udGVudFwvdXBsb2Fkc1wvMjAyMlwvMTFcL0luYXVndXJhY2lvbi1Cb2tvdG8tS29yLVN1bmthLVBsdXNmcmVzYy1MbGVpZGEtMDIuanBnIiwic2xpZGVzaG93IjoiYTQ0NTY3MSJ9\">\n\t\t\t\t\t<div class=\"e-gallery-image elementor-gallery-item__image\" data-thumbnail=\"https:\/\/bokoto.es\/wp-content\/uploads\/2022\/11\/Inauguracion-Bokoto-Kor-Sunka-Plusfresc-Lleida-02.jpg\" data-width=\"1500\" data-height=\"1044\" aria-label=\"\" role=\"img\" ><\/div>\n\t\t\t\t\t\t\t\t\t\t\t<div class=\"elementor-gallery-item__overlay\"><\/div>\n\t\t\t\t\t\t\t\t\t\t\t\t\t\t<\/a>\n\t\t\t\t\t\t\t<a class=\"e-gallery-item elementor-gallery-item elementor-animated-content\" href=\"https:\/\/bokoto.es\/wp-content\/uploads\/2022\/11\/Inauguracion-Bokoto-Kor-Sunka-Plusfresc-Lleida-03.jpg\" data-elementor-open-lightbox=\"yes\" data-elementor-lightbox-slideshow=\"a445671\" data-elementor-lightbox-title=\"Inauguracion Bokoto-Kor-Sunka-Plusfresc-Lleida-03\" data-e-action-hash=\"#elementor-action%3Aaction%3Dlightbox%26settings%3DeyJpZCI6NzU0MSwidXJsIjoiaHR0cHM6XC9cL2Jva290by5lc1wvd3AtY29udGVudFwvdXBsb2Fkc1wvMjAyMlwvMTFcL0luYXVndXJhY2lvbi1Cb2tvdG8tS29yLVN1bmthLVBsdXNmcmVzYy1MbGVpZGEtMDMuanBnIiwic2xpZGVzaG93IjoiYTQ0NTY3MSJ9\">\n\t\t\t\t\t<div class=\"e-gallery-image elementor-gallery-item__image\" data-thumbnail=\"https:\/\/bokoto.es\/wp-content\/uploads\/2022\/11\/Inauguracion-Bokoto-Kor-Sunka-Plusfresc-Lleida-03.jpg\" data-width=\"1500\" data-height=\"1000\" aria-label=\"\" role=\"img\" ><\/div>\n\t\t\t\t\t\t\t\t\t\t\t<div class=\"elementor-gallery-item__overlay\"><\/div>\n\t\t\t\t\t\t\t\t\t\t\t\t\t\t<\/a>\n\t\t\t\t\t\t\t<a class=\"e-gallery-item elementor-gallery-item elementor-animated-content\" href=\"https:\/\/bokoto.es\/wp-content\/uploads\/2022\/11\/Inauguracion-Bokoto-Kor-Sunka-Plusfresc-Lleida-04.jpg\" data-elementor-open-lightbox=\"yes\" data-elementor-lightbox-slideshow=\"a445671\" data-elementor-lightbox-title=\"Inauguracion Bokoto-Kor-Sunka-Plusfresc-Lleida-04\" data-e-action-hash=\"#elementor-action%3Aaction%3Dlightbox%26settings%3DeyJpZCI6NzU0MiwidXJsIjoiaHR0cHM6XC9cL2Jva290by5lc1wvd3AtY29udGVudFwvdXBsb2Fkc1wvMjAyMlwvMTFcL0luYXVndXJhY2lvbi1Cb2tvdG8tS29yLVN1bmthLVBsdXNmcmVzYy1MbGVpZGEtMDQuanBnIiwic2xpZGVzaG93IjoiYTQ0NTY3MSJ9\">\n\t\t\t\t\t<div class=\"e-gallery-image elementor-gallery-item__image\" data-thumbnail=\"https:\/\/bokoto.es\/wp-content\/uploads\/2022\/11\/Inauguracion-Bokoto-Kor-Sunka-Plusfresc-Lleida-04.jpg\" data-width=\"1500\" data-height=\"1000\" aria-label=\"\" role=\"img\" ><\/div>\n\t\t\t\t\t\t\t\t\t\t\t<div class=\"elementor-gallery-item__overlay\"><\/div>\n\t\t\t\t\t\t\t\t\t\t\t\t\t\t<\/a>\n\t\t\t\t\t\t\t<a class=\"e-gallery-item elementor-gallery-item elementor-animated-content\" href=\"https:\/\/bokoto.es\/wp-content\/uploads\/2022\/11\/Inauguracion-Bokoto-Kor-Sunka-Plusfresc-Lleida-05.jpg\" data-elementor-open-lightbox=\"yes\" data-elementor-lightbox-slideshow=\"a445671\" data-elementor-lightbox-title=\"Inauguracion Bokoto-Kor-Sunka-Plusfresc-Lleida-05\" data-e-action-hash=\"#elementor-action%3Aaction%3Dlightbox%26settings%3DeyJpZCI6NzU0MywidXJsIjoiaHR0cHM6XC9cL2Jva290by5lc1wvd3AtY29udGVudFwvdXBsb2Fkc1wvMjAyMlwvMTFcL0luYXVndXJhY2lvbi1Cb2tvdG8tS29yLVN1bmthLVBsdXNmcmVzYy1MbGVpZGEtMDUuanBnIiwic2xpZGVzaG93IjoiYTQ0NTY3MSJ9\">\n\t\t\t\t\t<div class=\"e-gallery-image elementor-gallery-item__image\" data-thumbnail=\"https:\/\/bokoto.es\/wp-content\/uploads\/2022\/11\/Inauguracion-Bokoto-Kor-Sunka-Plusfresc-Lleida-05.jpg\" data-width=\"1500\" data-height=\"1000\" aria-label=\"\" role=\"img\" ><\/div>\n\t\t\t\t\t\t\t\t\t\t\t<div class=\"elementor-gallery-item__overlay\"><\/div>\n\t\t\t\t\t\t\t\t\t\t\t\t\t\t<\/a>\n\t\t\t\t\t\t\t<a class=\"e-gallery-item elementor-gallery-item elementor-animated-content\" href=\"https:\/\/bokoto.es\/wp-content\/uploads\/2022\/11\/Inauguracion-Bokoto-Kor-Sunka-Plusfresc-Lleida-06.jpg\" data-elementor-open-lightbox=\"yes\" data-elementor-lightbox-slideshow=\"a445671\" data-elementor-lightbox-title=\"Inauguracion Bokoto-Kor-Sunka-Plusfresc-Lleida-06\" data-e-action-hash=\"#elementor-action%3Aaction%3Dlightbox%26settings%3DeyJpZCI6NzU0NCwidXJsIjoiaHR0cHM6XC9cL2Jva290by5lc1wvd3AtY29udGVudFwvdXBsb2Fkc1wvMjAyMlwvMTFcL0luYXVndXJhY2lvbi1Cb2tvdG8tS29yLVN1bmthLVBsdXNmcmVzYy1MbGVpZGEtMDYuanBnIiwic2xpZGVzaG93IjoiYTQ0NTY3MSJ9\">\n\t\t\t\t\t<div class=\"e-gallery-image elementor-gallery-item__image\" data-thumbnail=\"https:\/\/bokoto.es\/wp-content\/uploads\/2022\/11\/Inauguracion-Bokoto-Kor-Sunka-Plusfresc-Lleida-06.jpg\" data-width=\"1500\" data-height=\"1000\" aria-label=\"\" role=\"img\" ><\/div>\n\t\t\t\t\t\t\t\t\t\t\t<div class=\"elementor-gallery-item__overlay\"><\/div>\n\t\t\t\t\t\t\t\t\t\t\t\t\t\t<\/a>\n\t\t\t\t\t\t\t<a class=\"e-gallery-item elementor-gallery-item elementor-animated-content\" href=\"https:\/\/bokoto.es\/wp-content\/uploads\/2022\/11\/Inauguracion-Bokoto-Kor-Sunka-Plusfresc-Lleida-07.jpg\" data-elementor-open-lightbox=\"yes\" data-elementor-lightbox-slideshow=\"a445671\" data-elementor-lightbox-title=\"Inauguracion Bokoto-Kor-Sunka-Plusfresc-Lleida-07\" data-e-action-hash=\"#elementor-action%3Aaction%3Dlightbox%26settings%3DeyJpZCI6NzU0NSwidXJsIjoiaHR0cHM6XC9cL2Jva290by5lc1wvd3AtY29udGVudFwvdXBsb2Fkc1wvMjAyMlwvMTFcL0luYXVndXJhY2lvbi1Cb2tvdG8tS29yLVN1bmthLVBsdXNmcmVzYy1MbGVpZGEtMDcuanBnIiwic2xpZGVzaG93IjoiYTQ0NTY3MSJ9\">\n\t\t\t\t\t<div class=\"e-gallery-image elementor-gallery-item__image\" data-thumbnail=\"https:\/\/bokoto.es\/wp-content\/uploads\/2022\/11\/Inauguracion-Bokoto-Kor-Sunka-Plusfresc-Lleida-07.jpg\" data-width=\"1500\" data-height=\"1000\" aria-label=\"\" role=\"img\" ><\/div>\n\t\t\t\t\t\t\t\t\t\t\t<div class=\"elementor-gallery-item__overlay\"><\/div>\n\t\t\t\t\t\t\t\t\t\t\t\t\t\t<\/a>\n\t\t\t\t\t\t\t<a class=\"e-gallery-item elementor-gallery-item elementor-animated-content\" href=\"https:\/\/bokoto.es\/wp-content\/uploads\/2022\/11\/Inauguracion-Bokoto-Kor-Sunka-Plusfresc-Lleida-08.jpg\" data-elementor-open-lightbox=\"yes\" data-elementor-lightbox-slideshow=\"a445671\" data-elementor-lightbox-title=\"Inauguracion Bokoto-Kor-Sunka-Plusfresc-Lleida-08\" data-e-action-hash=\"#elementor-action%3Aaction%3Dlightbox%26settings%3DeyJpZCI6NzU0NiwidXJsIjoiaHR0cHM6XC9cL2Jva290by5lc1wvd3AtY29udGVudFwvdXBsb2Fkc1wvMjAyMlwvMTFcL0luYXVndXJhY2lvbi1Cb2tvdG8tS29yLVN1bmthLVBsdXNmcmVzYy1MbGVpZGEtMDguanBnIiwic2xpZGVzaG93IjoiYTQ0NTY3MSJ9\">\n\t\t\t\t\t<div class=\"e-gallery-image elementor-gallery-item__image\" data-thumbnail=\"https:\/\/bokoto.es\/wp-content\/uploads\/2022\/11\/Inauguracion-Bokoto-Kor-Sunka-Plusfresc-Lleida-08.jpg\" data-width=\"1500\" data-height=\"1000\" aria-label=\"\" role=\"img\" ><\/div>\n\t\t\t\t\t\t\t\t\t\t\t<div class=\"elementor-gallery-item__overlay\"><\/div>\n\t\t\t\t\t\t\t\t\t\t\t\t\t\t<\/a>\n\t\t\t\t\t\t\t<a class=\"e-gallery-item elementor-gallery-item elementor-animated-content\" href=\"https:\/\/bokoto.es\/wp-content\/uploads\/2022\/11\/Inauguracion-Bokoto-Kor-Sunka-Plusfresc-Lleida-09.jpg\" data-elementor-open-lightbox=\"yes\" data-elementor-lightbox-slideshow=\"a445671\" data-elementor-lightbox-title=\"Inauguracion Bokoto-Kor-Sunka-Plusfresc-Lleida-09\" data-e-action-hash=\"#elementor-action%3Aaction%3Dlightbox%26settings%3DeyJpZCI6NzU0NywidXJsIjoiaHR0cHM6XC9cL2Jva290by5lc1wvd3AtY29udGVudFwvdXBsb2Fkc1wvMjAyMlwvMTFcL0luYXVndXJhY2lvbi1Cb2tvdG8tS29yLVN1bmthLVBsdXNmcmVzYy1MbGVpZGEtMDkuanBnIiwic2xpZGVzaG93IjoiYTQ0NTY3MSJ9\">\n\t\t\t\t\t<div class=\"e-gallery-image elementor-gallery-item__image\" data-thumbnail=\"https:\/\/bokoto.es\/wp-content\/uploads\/2022\/11\/Inauguracion-Bokoto-Kor-Sunka-Plusfresc-Lleida-09.jpg\" data-width=\"1500\" data-height=\"844\" aria-label=\"\" role=\"img\" ><\/div>\n\t\t\t\t\t\t\t\t\t\t\t<div class=\"elementor-gallery-item__overlay\"><\/div>\n\t\t\t\t\t\t\t\t\t\t\t\t\t\t<\/a>\n\t\t\t\t\t\t\t<a class=\"e-gallery-item elementor-gallery-item elementor-animated-content\" href=\"https:\/\/bokoto.es\/wp-content\/uploads\/2022\/11\/Inauguracion-Bokoto-Kor-Sunka-Plusfresc-Lleida-header_02.jpg\" data-elementor-open-lightbox=\"yes\" data-elementor-lightbox-slideshow=\"a445671\" data-elementor-lightbox-title=\"Inauguracion Bokoto-Kor-Sunka-Plusfresc-Lleida-header_02\" data-e-action-hash=\"#elementor-action%3Aaction%3Dlightbox%26settings%3DeyJpZCI6NzU0OCwidXJsIjoiaHR0cHM6XC9cL2Jva290by5lc1wvd3AtY29udGVudFwvdXBsb2Fkc1wvMjAyMlwvMTFcL0luYXVndXJhY2lvbi1Cb2tvdG8tS29yLVN1bmthLVBsdXNmcmVzYy1MbGVpZGEtaGVhZGVyXzAyLmpwZyIsInNsaWRlc2hvdyI6ImE0NDU2NzEifQ%3D%3D\">\n\t\t\t\t\t<div class=\"e-gallery-image elementor-gallery-item__image\" data-thumbnail=\"https:\/\/bokoto.es\/wp-content\/uploads\/2022\/11\/Inauguracion-Bokoto-Kor-Sunka-Plusfresc-Lleida-header_02.jpg\" data-width=\"1920\" data-height=\"1080\" aria-label=\"\" role=\"img\" ><\/div>\n\t\t\t\t\t\t\t\t\t\t\t<div class=\"elementor-gallery-item__overlay\"><\/div>\n\t\t\t\t\t\t\t\t\t\t\t\t\t\t<\/a>\n\t\t\t\t\t\t\t<a class=\"e-gallery-item elementor-gallery-item elementor-animated-content\" href=\"https:\/\/bokoto.es\/wp-content\/uploads\/2022\/11\/Inauguracion-Bokoto-Kor-Sunka-Plusfresc-Lleida-header.jpg\" data-elementor-open-lightbox=\"yes\" data-elementor-lightbox-slideshow=\"a445671\" data-elementor-lightbox-title=\"Inauguracion Bokoto-Kor-Sunka-Plusfresc-Lleida-header\" data-e-action-hash=\"#elementor-action%3Aaction%3Dlightbox%26settings%3DeyJpZCI6NzU0OSwidXJsIjoiaHR0cHM6XC9cL2Jva290by5lc1wvd3AtY29udGVudFwvdXBsb2Fkc1wvMjAyMlwvMTFcL0luYXVndXJhY2lvbi1Cb2tvdG8tS29yLVN1bmthLVBsdXNmcmVzYy1MbGVpZGEtaGVhZGVyLmpwZyIsInNsaWRlc2hvdyI6ImE0NDU2NzEifQ%3D%3D\">\n\t\t\t\t\t<div class=\"e-gallery-image elementor-gallery-item__image\" data-thumbnail=\"https:\/\/bokoto.es\/wp-content\/uploads\/2022\/11\/Inauguracion-Bokoto-Kor-Sunka-Plusfresc-Lleida-header.jpg\" data-width=\"1920\" data-height=\"1080\" aria-label=\"\" role=\"img\" ><\/div>\n\t\t\t\t\t\t\t\t\t\t\t<div class=\"elementor-gallery-item__overlay\"><\/div>\n\t\t\t\t\t\t\t\t\t\t\t\t\t\t<\/a>\n\t\t\t\t\t\t\t<a class=\"e-gallery-item elementor-gallery-item elementor-animated-content\" href=\"https:\/\/bokoto.es\/wp-content\/uploads\/2022\/11\/Inauguracion-Bokoto-Kor-Sunka-Plusfresc-Lleida.jpg\" data-elementor-open-lightbox=\"yes\" data-elementor-lightbox-slideshow=\"a445671\" data-elementor-lightbox-title=\"Inauguracion Bokoto-Kor-Sunka-Plusfresc-Lleida\" data-e-action-hash=\"#elementor-action%3Aaction%3Dlightbox%26settings%3DeyJpZCI6NzU1MCwidXJsIjoiaHR0cHM6XC9cL2Jva290by5lc1wvd3AtY29udGVudFwvdXBsb2Fkc1wvMjAyMlwvMTFcL0luYXVndXJhY2lvbi1Cb2tvdG8tS29yLVN1bmthLVBsdXNmcmVzYy1MbGVpZGEuanBnIiwic2xpZGVzaG93IjoiYTQ0NTY3MSJ9\">\n\t\t\t\t\t<div class=\"e-gallery-image elementor-gallery-item__image\" data-thumbnail=\"https:\/\/bokoto.es\/wp-content\/uploads\/2022\/11\/Inauguracion-Bokoto-Kor-Sunka-Plusfresc-Lleida.jpg\" data-width=\"1500\" data-height=\"1500\" aria-label=\"\" role=\"img\" ><\/div>\n\t\t\t\t\t\t\t\t\t\t\t<div class=\"elementor-gallery-item__overlay\"><\/div>\n\t\t\t\t\t\t\t\t\t\t\t\t\t\t<\/a>\n\t\t\t\t\t<\/div>\n\t\t\t\t\t<\/div>\n\t\t\t\t<\/div>\n\t\t\t\t\t<\/div>\n\t\t<\/div>\n\t\t\t\t\t<\/div>\n\t\t<\/section>\n\t\t\t\t<\/div>\n\t\t","protected":false},"excerpt":{"rendered":"<p>El Mercaurante es troba a Sunka de Plusfresc. KOR Mercaurante \u00e9s la nova proposta gastron\u00f2mica que ha arribat a Lleida, la passi\u00f3 dels millors xefs preparada per portar-te-la a casa i gaudir del sabor de la cuina d&#8217;autor en un santiam\u00e9n. La creativitat i la innovaci\u00f3 es fusionen amb els processos tradicionals en aquest nou [&hellip;]<\/p>\n","protected":false},"author":1,"featured_media":7451,"comment_status":"closed","ping_status":"open","sticky":false,"template":"","format":"standard","meta":{"footnotes":""},"categories":[1],"tags":[],"class_list":["post-8208","post","type-post","status-publish","format-standard","has-post-thumbnail","hentry","category-sin-categorizar"],"yoast_head":"<!-- This site is optimized with the Yoast SEO plugin v26.6 - https:\/\/yoast.com\/wordpress\/plugins\/seo\/ -->\n<title>El Grup Bokoto forma part de Kor, el nou restaurant a Sunka, Lleida, al Cor de Plusfresc. - Bokoto<\/title>\n<meta name=\"robots\" content=\"index, follow, max-snippet:-1, max-image-preview:large, max-video-preview:-1\" \/>\n<link rel=\"canonical\" href=\"https:\/\/bokoto.es\/ca\/el-grup-bokoto-forma-part-de-kor-el-nou-restaurant-a-sunka-lleida-al-cor-de-plusfresc\/\" \/>\n<meta property=\"og:locale\" content=\"ca_ES\" \/>\n<meta property=\"og:type\" content=\"article\" \/>\n<meta property=\"og:title\" content=\"El Grup Bokoto forma part de Kor, el nou restaurant a Sunka, Lleida, al Cor de Plusfresc. - Bokoto\" \/>\n<meta property=\"og:description\" content=\"El Mercaurante es troba a Sunka de Plusfresc. KOR Mercaurante \u00e9s la nova proposta gastron\u00f2mica que ha arribat a Lleida, la passi\u00f3 dels millors xefs preparada per portar-te-la a casa i gaudir del sabor de la cuina d&#8217;autor en un santiam\u00e9n. La creativitat i la innovaci\u00f3 es fusionen amb els processos tradicionals en aquest nou [&hellip;]\" \/>\n<meta property=\"og:url\" content=\"https:\/\/bokoto.es\/ca\/el-grup-bokoto-forma-part-de-kor-el-nou-restaurant-a-sunka-lleida-al-cor-de-plusfresc\/\" \/>\n<meta property=\"og:site_name\" content=\"Bokoto\" \/>\n<meta property=\"article:published_time\" content=\"2022-11-27T23:00:00+00:00\" \/>\n<meta property=\"article:modified_time\" content=\"2025-02-20T10:06:47+00:00\" \/>\n<meta property=\"og:image\" content=\"https:\/\/bokoto.es\/wp-content\/uploads\/2023\/09\/Inauguracion-Bokoto-Kor-Sunka-Plusfresc-Lleida-header.jpg\" \/>\n\t<meta property=\"og:image:width\" content=\"1920\" \/>\n\t<meta property=\"og:image:height\" content=\"1080\" \/>\n\t<meta property=\"og:image:type\" content=\"image\/jpeg\" \/>\n<meta name=\"author\" content=\"agenciaoma\" \/>\n<meta name=\"twitter:card\" content=\"summary_large_image\" \/>\n<meta name=\"twitter:label1\" content=\"Escrit per\" \/>\n\t<meta name=\"twitter:data1\" content=\"agenciaoma\" \/>\n\t<meta name=\"twitter:label2\" content=\"Temps estimat de lectura\" \/>\n\t<meta name=\"twitter:data2\" content=\"2 minuts\" \/>\n<script type=\"application\/ld+json\" class=\"yoast-schema-graph\">{\"@context\":\"https:\/\/schema.org\",\"@graph\":[{\"@type\":\"Article\",\"@id\":\"https:\/\/bokoto.es\/ca\/el-grup-bokoto-forma-part-de-kor-el-nou-restaurant-a-sunka-lleida-al-cor-de-plusfresc\/#article\",\"isPartOf\":{\"@id\":\"https:\/\/bokoto.es\/ca\/el-grup-bokoto-forma-part-de-kor-el-nou-restaurant-a-sunka-lleida-al-cor-de-plusfresc\/\"},\"author\":{\"name\":\"agenciaoma\",\"@id\":\"https:\/\/bokoto.es\/ca\/#\/schema\/person\/f6f820135cae3131ed5f488cce5ccaaf\"},\"headline\":\"El Grup Bokoto forma part de Kor, el nou restaurant a Sunka, Lleida, al Cor de Plusfresc.\",\"datePublished\":\"2022-11-27T23:00:00+00:00\",\"dateModified\":\"2025-02-20T10:06:47+00:00\",\"mainEntityOfPage\":{\"@id\":\"https:\/\/bokoto.es\/ca\/el-grup-bokoto-forma-part-de-kor-el-nou-restaurant-a-sunka-lleida-al-cor-de-plusfresc\/\"},\"wordCount\":418,\"publisher\":{\"@id\":\"https:\/\/bokoto.es\/ca\/#organization\"},\"image\":{\"@id\":\"https:\/\/bokoto.es\/ca\/el-grup-bokoto-forma-part-de-kor-el-nou-restaurant-a-sunka-lleida-al-cor-de-plusfresc\/#primaryimage\"},\"thumbnailUrl\":\"https:\/\/bokoto.es\/wp-content\/uploads\/2023\/09\/Inauguracion-Bokoto-Kor-Sunka-Plusfresc-Lleida-header.jpg\",\"articleSection\":[\"Sin categorizar\"],\"inLanguage\":\"ca\"},{\"@type\":\"WebPage\",\"@id\":\"https:\/\/bokoto.es\/ca\/el-grup-bokoto-forma-part-de-kor-el-nou-restaurant-a-sunka-lleida-al-cor-de-plusfresc\/\",\"url\":\"https:\/\/bokoto.es\/ca\/el-grup-bokoto-forma-part-de-kor-el-nou-restaurant-a-sunka-lleida-al-cor-de-plusfresc\/\",\"name\":\"El Grup Bokoto forma part de Kor, el nou restaurant a Sunka, Lleida, al Cor de Plusfresc. - Bokoto\",\"isPartOf\":{\"@id\":\"https:\/\/bokoto.es\/ca\/#website\"},\"primaryImageOfPage\":{\"@id\":\"https:\/\/bokoto.es\/ca\/el-grup-bokoto-forma-part-de-kor-el-nou-restaurant-a-sunka-lleida-al-cor-de-plusfresc\/#primaryimage\"},\"image\":{\"@id\":\"https:\/\/bokoto.es\/ca\/el-grup-bokoto-forma-part-de-kor-el-nou-restaurant-a-sunka-lleida-al-cor-de-plusfresc\/#primaryimage\"},\"thumbnailUrl\":\"https:\/\/bokoto.es\/wp-content\/uploads\/2023\/09\/Inauguracion-Bokoto-Kor-Sunka-Plusfresc-Lleida-header.jpg\",\"datePublished\":\"2022-11-27T23:00:00+00:00\",\"dateModified\":\"2025-02-20T10:06:47+00:00\",\"breadcrumb\":{\"@id\":\"https:\/\/bokoto.es\/ca\/el-grup-bokoto-forma-part-de-kor-el-nou-restaurant-a-sunka-lleida-al-cor-de-plusfresc\/#breadcrumb\"},\"inLanguage\":\"ca\",\"potentialAction\":[{\"@type\":\"ReadAction\",\"target\":[\"https:\/\/bokoto.es\/ca\/el-grup-bokoto-forma-part-de-kor-el-nou-restaurant-a-sunka-lleida-al-cor-de-plusfresc\/\"]}]},{\"@type\":\"ImageObject\",\"inLanguage\":\"ca\",\"@id\":\"https:\/\/bokoto.es\/ca\/el-grup-bokoto-forma-part-de-kor-el-nou-restaurant-a-sunka-lleida-al-cor-de-plusfresc\/#primaryimage\",\"url\":\"https:\/\/bokoto.es\/wp-content\/uploads\/2023\/09\/Inauguracion-Bokoto-Kor-Sunka-Plusfresc-Lleida-header.jpg\",\"contentUrl\":\"https:\/\/bokoto.es\/wp-content\/uploads\/2023\/09\/Inauguracion-Bokoto-Kor-Sunka-Plusfresc-Lleida-header.jpg\",\"width\":1920,\"height\":1080},{\"@type\":\"BreadcrumbList\",\"@id\":\"https:\/\/bokoto.es\/ca\/el-grup-bokoto-forma-part-de-kor-el-nou-restaurant-a-sunka-lleida-al-cor-de-plusfresc\/#breadcrumb\",\"itemListElement\":[{\"@type\":\"ListItem\",\"position\":1,\"name\":\"Portada\",\"item\":\"https:\/\/bokoto.es\/ca\/inici\/\"},{\"@type\":\"ListItem\",\"position\":2,\"name\":\"El Grup Bokoto forma part de Kor, el nou restaurant a Sunka, Lleida, al Cor de Plusfresc.\"}]},{\"@type\":\"WebSite\",\"@id\":\"https:\/\/bokoto.es\/ca\/#website\",\"url\":\"https:\/\/bokoto.es\/ca\/\",\"name\":\"Bokoto\",\"description\":\"Japanese Sushi Club\",\"publisher\":{\"@id\":\"https:\/\/bokoto.es\/ca\/#organization\"},\"potentialAction\":[{\"@type\":\"SearchAction\",\"target\":{\"@type\":\"EntryPoint\",\"urlTemplate\":\"https:\/\/bokoto.es\/ca\/?s={search_term_string}\"},\"query-input\":{\"@type\":\"PropertyValueSpecification\",\"valueRequired\":true,\"valueName\":\"search_term_string\"}}],\"inLanguage\":\"ca\"},{\"@type\":\"Organization\",\"@id\":\"https:\/\/bokoto.es\/ca\/#organization\",\"name\":\"Bokoto\",\"url\":\"https:\/\/bokoto.es\/ca\/\",\"logo\":{\"@type\":\"ImageObject\",\"inLanguage\":\"ca\",\"@id\":\"https:\/\/bokoto.es\/ca\/#\/schema\/logo\/image\/\",\"url\":\"https:\/\/bokoto.es\/wp-content\/uploads\/2023\/08\/LOGO-BOKOTO.jpg\",\"contentUrl\":\"https:\/\/bokoto.es\/wp-content\/uploads\/2023\/08\/LOGO-BOKOTO.jpg\",\"width\":563,\"height\":264,\"caption\":\"Bokoto\"},\"image\":{\"@id\":\"https:\/\/bokoto.es\/ca\/#\/schema\/logo\/image\/\"}},{\"@type\":\"Person\",\"@id\":\"https:\/\/bokoto.es\/ca\/#\/schema\/person\/f6f820135cae3131ed5f488cce5ccaaf\",\"name\":\"agenciaoma\",\"image\":{\"@type\":\"ImageObject\",\"inLanguage\":\"ca\",\"@id\":\"https:\/\/bokoto.es\/ca\/#\/schema\/person\/image\/\",\"url\":\"https:\/\/secure.gravatar.com\/avatar\/c8cb3e6b8e43c72b0448f84754afe51f9ef829973bbded721f4d9304b9b5a43d?s=96&d=mm&r=g\",\"contentUrl\":\"https:\/\/secure.gravatar.com\/avatar\/c8cb3e6b8e43c72b0448f84754afe51f9ef829973bbded721f4d9304b9b5a43d?s=96&d=mm&r=g\",\"caption\":\"agenciaoma\"},\"sameAs\":[\"https:\/\/bokoto.es\"],\"url\":\"https:\/\/bokoto.es\/ca\/author\/agenciaoma\/\"}]}<\/script>\n<!-- \/ Yoast SEO plugin. -->","yoast_head_json":{"title":"El Grup Bokoto forma part de Kor, el nou restaurant a Sunka, Lleida, al Cor de Plusfresc. - Bokoto","robots":{"index":"index","follow":"follow","max-snippet":"max-snippet:-1","max-image-preview":"max-image-preview:large","max-video-preview":"max-video-preview:-1"},"canonical":"https:\/\/bokoto.es\/ca\/el-grup-bokoto-forma-part-de-kor-el-nou-restaurant-a-sunka-lleida-al-cor-de-plusfresc\/","og_locale":"ca_ES","og_type":"article","og_title":"El Grup Bokoto forma part de Kor, el nou restaurant a Sunka, Lleida, al Cor de Plusfresc. - Bokoto","og_description":"El Mercaurante es troba a Sunka de Plusfresc. KOR Mercaurante \u00e9s la nova proposta gastron\u00f2mica que ha arribat a Lleida, la passi\u00f3 dels millors xefs preparada per portar-te-la a casa i gaudir del sabor de la cuina d&#8217;autor en un santiam\u00e9n. La creativitat i la innovaci\u00f3 es fusionen amb els processos tradicionals en aquest nou [&hellip;]","og_url":"https:\/\/bokoto.es\/ca\/el-grup-bokoto-forma-part-de-kor-el-nou-restaurant-a-sunka-lleida-al-cor-de-plusfresc\/","og_site_name":"Bokoto","article_published_time":"2022-11-27T23:00:00+00:00","article_modified_time":"2025-02-20T10:06:47+00:00","og_image":[{"width":1920,"height":1080,"url":"https:\/\/bokoto.es\/wp-content\/uploads\/2023\/09\/Inauguracion-Bokoto-Kor-Sunka-Plusfresc-Lleida-header.jpg","type":"image\/jpeg"}],"author":"agenciaoma","twitter_card":"summary_large_image","twitter_misc":{"Escrit per":"agenciaoma","Temps estimat de lectura":"2 minuts"},"schema":{"@context":"https:\/\/schema.org","@graph":[{"@type":"Article","@id":"https:\/\/bokoto.es\/ca\/el-grup-bokoto-forma-part-de-kor-el-nou-restaurant-a-sunka-lleida-al-cor-de-plusfresc\/#article","isPartOf":{"@id":"https:\/\/bokoto.es\/ca\/el-grup-bokoto-forma-part-de-kor-el-nou-restaurant-a-sunka-lleida-al-cor-de-plusfresc\/"},"author":{"name":"agenciaoma","@id":"https:\/\/bokoto.es\/ca\/#\/schema\/person\/f6f820135cae3131ed5f488cce5ccaaf"},"headline":"El Grup Bokoto forma part de Kor, el nou restaurant a Sunka, Lleida, al Cor de Plusfresc.","datePublished":"2022-11-27T23:00:00+00:00","dateModified":"2025-02-20T10:06:47+00:00","mainEntityOfPage":{"@id":"https:\/\/bokoto.es\/ca\/el-grup-bokoto-forma-part-de-kor-el-nou-restaurant-a-sunka-lleida-al-cor-de-plusfresc\/"},"wordCount":418,"publisher":{"@id":"https:\/\/bokoto.es\/ca\/#organization"},"image":{"@id":"https:\/\/bokoto.es\/ca\/el-grup-bokoto-forma-part-de-kor-el-nou-restaurant-a-sunka-lleida-al-cor-de-plusfresc\/#primaryimage"},"thumbnailUrl":"https:\/\/bokoto.es\/wp-content\/uploads\/2023\/09\/Inauguracion-Bokoto-Kor-Sunka-Plusfresc-Lleida-header.jpg","articleSection":["Sin categorizar"],"inLanguage":"ca"},{"@type":"WebPage","@id":"https:\/\/bokoto.es\/ca\/el-grup-bokoto-forma-part-de-kor-el-nou-restaurant-a-sunka-lleida-al-cor-de-plusfresc\/","url":"https:\/\/bokoto.es\/ca\/el-grup-bokoto-forma-part-de-kor-el-nou-restaurant-a-sunka-lleida-al-cor-de-plusfresc\/","name":"El Grup Bokoto forma part de Kor, el nou restaurant a Sunka, Lleida, al Cor de Plusfresc. - Bokoto","isPartOf":{"@id":"https:\/\/bokoto.es\/ca\/#website"},"primaryImageOfPage":{"@id":"https:\/\/bokoto.es\/ca\/el-grup-bokoto-forma-part-de-kor-el-nou-restaurant-a-sunka-lleida-al-cor-de-plusfresc\/#primaryimage"},"image":{"@id":"https:\/\/bokoto.es\/ca\/el-grup-bokoto-forma-part-de-kor-el-nou-restaurant-a-sunka-lleida-al-cor-de-plusfresc\/#primaryimage"},"thumbnailUrl":"https:\/\/bokoto.es\/wp-content\/uploads\/2023\/09\/Inauguracion-Bokoto-Kor-Sunka-Plusfresc-Lleida-header.jpg","datePublished":"2022-11-27T23:00:00+00:00","dateModified":"2025-02-20T10:06:47+00:00","breadcrumb":{"@id":"https:\/\/bokoto.es\/ca\/el-grup-bokoto-forma-part-de-kor-el-nou-restaurant-a-sunka-lleida-al-cor-de-plusfresc\/#breadcrumb"},"inLanguage":"ca","potentialAction":[{"@type":"ReadAction","target":["https:\/\/bokoto.es\/ca\/el-grup-bokoto-forma-part-de-kor-el-nou-restaurant-a-sunka-lleida-al-cor-de-plusfresc\/"]}]},{"@type":"ImageObject","inLanguage":"ca","@id":"https:\/\/bokoto.es\/ca\/el-grup-bokoto-forma-part-de-kor-el-nou-restaurant-a-sunka-lleida-al-cor-de-plusfresc\/#primaryimage","url":"https:\/\/bokoto.es\/wp-content\/uploads\/2023\/09\/Inauguracion-Bokoto-Kor-Sunka-Plusfresc-Lleida-header.jpg","contentUrl":"https:\/\/bokoto.es\/wp-content\/uploads\/2023\/09\/Inauguracion-Bokoto-Kor-Sunka-Plusfresc-Lleida-header.jpg","width":1920,"height":1080},{"@type":"BreadcrumbList","@id":"https:\/\/bokoto.es\/ca\/el-grup-bokoto-forma-part-de-kor-el-nou-restaurant-a-sunka-lleida-al-cor-de-plusfresc\/#breadcrumb","itemListElement":[{"@type":"ListItem","position":1,"name":"Portada","item":"https:\/\/bokoto.es\/ca\/inici\/"},{"@type":"ListItem","position":2,"name":"El Grup Bokoto forma part de Kor, el nou restaurant a Sunka, Lleida, al Cor de Plusfresc."}]},{"@type":"WebSite","@id":"https:\/\/bokoto.es\/ca\/#website","url":"https:\/\/bokoto.es\/ca\/","name":"Bokoto","description":"Japanese Sushi Club","publisher":{"@id":"https:\/\/bokoto.es\/ca\/#organization"},"potentialAction":[{"@type":"SearchAction","target":{"@type":"EntryPoint","urlTemplate":"https:\/\/bokoto.es\/ca\/?s={search_term_string}"},"query-input":{"@type":"PropertyValueSpecification","valueRequired":true,"valueName":"search_term_string"}}],"inLanguage":"ca"},{"@type":"Organization","@id":"https:\/\/bokoto.es\/ca\/#organization","name":"Bokoto","url":"https:\/\/bokoto.es\/ca\/","logo":{"@type":"ImageObject","inLanguage":"ca","@id":"https:\/\/bokoto.es\/ca\/#\/schema\/logo\/image\/","url":"https:\/\/bokoto.es\/wp-content\/uploads\/2023\/08\/LOGO-BOKOTO.jpg","contentUrl":"https:\/\/bokoto.es\/wp-content\/uploads\/2023\/08\/LOGO-BOKOTO.jpg","width":563,"height":264,"caption":"Bokoto"},"image":{"@id":"https:\/\/bokoto.es\/ca\/#\/schema\/logo\/image\/"}},{"@type":"Person","@id":"https:\/\/bokoto.es\/ca\/#\/schema\/person\/f6f820135cae3131ed5f488cce5ccaaf","name":"agenciaoma","image":{"@type":"ImageObject","inLanguage":"ca","@id":"https:\/\/bokoto.es\/ca\/#\/schema\/person\/image\/","url":"https:\/\/secure.gravatar.com\/avatar\/c8cb3e6b8e43c72b0448f84754afe51f9ef829973bbded721f4d9304b9b5a43d?s=96&d=mm&r=g","contentUrl":"https:\/\/secure.gravatar.com\/avatar\/c8cb3e6b8e43c72b0448f84754afe51f9ef829973bbded721f4d9304b9b5a43d?s=96&d=mm&r=g","caption":"agenciaoma"},"sameAs":["https:\/\/bokoto.es"],"url":"https:\/\/bokoto.es\/ca\/author\/agenciaoma\/"}]}},"_links":{"self":[{"href":"https:\/\/bokoto.es\/ca\/wp-json\/wp\/v2\/posts\/8208","targetHints":{"allow":["GET"]}}],"collection":[{"href":"https:\/\/bokoto.es\/ca\/wp-json\/wp\/v2\/posts"}],"about":[{"href":"https:\/\/bokoto.es\/ca\/wp-json\/wp\/v2\/types\/post"}],"author":[{"embeddable":true,"href":"https:\/\/bokoto.es\/ca\/wp-json\/wp\/v2\/users\/1"}],"replies":[{"embeddable":true,"href":"https:\/\/bokoto.es\/ca\/wp-json\/wp\/v2\/comments?post=8208"}],"version-history":[{"count":1,"href":"https:\/\/bokoto.es\/ca\/wp-json\/wp\/v2\/posts\/8208\/revisions"}],"predecessor-version":[{"id":8209,"href":"https:\/\/bokoto.es\/ca\/wp-json\/wp\/v2\/posts\/8208\/revisions\/8209"}],"wp:featuredmedia":[{"embeddable":true,"href":"https:\/\/bokoto.es\/ca\/wp-json\/wp\/v2\/media\/7451"}],"wp:attachment":[{"href":"https:\/\/bokoto.es\/ca\/wp-json\/wp\/v2\/media?parent=8208"}],"wp:term":[{"taxonomy":"category","embeddable":true,"href":"https:\/\/bokoto.es\/ca\/wp-json\/wp\/v2\/categories?post=8208"},{"taxonomy":"post_tag","embeddable":true,"href":"https:\/\/bokoto.es\/ca\/wp-json\/wp\/v2\/tags?post=8208"}],"curies":[{"name":"wp","href":"https:\/\/api.w.org\/{rel}","templated":true}]}}